{"id":547,"date":"2024-03-12T11:19:52","date_gmt":"2024-03-12T11:19:52","guid":{"rendered":"https:\/\/erasmus.klebi.hu\/?p=547"},"modified":"2024-07-04T09:36:45","modified_gmt":"2024-07-04T09:36:45","slug":"klebisek-cipruson","status":"publish","type":"post","link":"https:\/\/erasmus.klebi.hu\/index.php\/2024\/03\/12\/klebisek-cipruson\/","title":{"rendered":"Kl\u00e9bisek Cipruson"},"content":{"rendered":"\n<p>A Kl\u00e9bi kis csapata l\u00e1togat\u00e1st tett m\u00e1rcius 2-9. Cipruson.<\/p>\n\n\n\n<figure class=\"wp-block-gallery has-nested-images columns-default is-cropped wp-block-gallery-1 is-layout-flex wp-block-gallery-is-layout-flex\">\n<figure class=\"wp-block-image size-large\"><img loading=\"lazy\" decoding=\"async\" width=\"766\" height=\"1024\" data-id=\"556\" src=\"https:\/\/erasmus.klebi.hu\/wp-content\/uploads\/2024\/03\/Ciprus-2-766x1024.jpg\" alt=\"\" class=\"wp-image-556\" srcset=\"https:\/\/erasmus.klebi.hu\/wp-content\/uploads\/2024\/03\/Ciprus-2-766x1024.jpg 766w, https:\/\/erasmus.klebi.hu\/wp-content\/uploads\/2024\/03\/Ciprus-2-224x300.jpg 224w, https:\/\/erasmus.klebi.hu\/wp-content\/uploads\/2024\/03\/Ciprus-2-768x1027.jpg 768w, https:\/\/erasmus.klebi.hu\/wp-content\/uploads\/2024\/03\/Ciprus-2-1149x1536.jpg 1149w, https:\/\/erasmus.klebi.hu\/wp-content\/uploads\/2024\/03\/Ciprus-2.jpg 1496w\" sizes=\"auto, (max-width: 766px) 100vw, 766px\" \/><\/figure>\n\n\n\n<figure class=\"wp-block-image size-large\"><img loading=\"lazy\" decoding=\"async\" width=\"1024\" height=\"766\" data-id=\"558\" src=\"https:\/\/erasmus.klebi.hu\/wp-content\/uploads\/2024\/03\/Ciprus2-2-1024x766.jpg\" alt=\"\" class=\"wp-image-558\" srcset=\"https:\/\/erasmus.klebi.hu\/wp-content\/uploads\/2024\/03\/Ciprus2-2-1024x766.jpg 1024w, https:\/\/erasmus.klebi.hu\/wp-content\/uploads\/2024\/03\/Ciprus2-2-300x224.jpg 300w, https:\/\/erasmus.klebi.hu\/wp-content\/uploads\/2024\/03\/Ciprus2-2-768x574.jpg 768w, https:\/\/erasmus.klebi.hu\/wp-content\/uploads\/2024\/03\/Ciprus2-2-1536x1149.jpg 1536w, https:\/\/erasmus.klebi.hu\/wp-content\/uploads\/2024\/03\/Ciprus2-2.jpg 2000w\" sizes=\"auto, (max-width: 1024px) 100vw, 1024px\" \/><\/figure>\n\n\n\n<figure class=\"wp-block-image size-large\"><img loading=\"lazy\" decoding=\"async\" width=\"1024\" height=\"766\" data-id=\"559\" src=\"https:\/\/erasmus.klebi.hu\/wp-content\/uploads\/2024\/03\/Ciprus3-2-1024x766.jpg\" alt=\"\" class=\"wp-image-559\" srcset=\"https:\/\/erasmus.klebi.hu\/wp-content\/uploads\/2024\/03\/Ciprus3-2-1024x766.jpg 1024w, https:\/\/erasmus.klebi.hu\/wp-content\/uploads\/2024\/03\/Ciprus3-2-300x224.jpg 300w, https:\/\/erasmus.klebi.hu\/wp-content\/uploads\/2024\/03\/Ciprus3-2-768x574.jpg 768w, https:\/\/erasmus.klebi.hu\/wp-content\/uploads\/2024\/03\/Ciprus3-2-1536x1149.jpg 1536w, https:\/\/erasmus.klebi.hu\/wp-content\/uploads\/2024\/03\/Ciprus3-2.jpg 2000w\" sizes=\"auto, (max-width: 1024px) 100vw, 1024px\" \/><\/figure>\n\n\n\n<figure class=\"wp-block-image size-large\"><img loading=\"lazy\" decoding=\"async\" width=\"1024\" height=\"768\" data-id=\"557\" src=\"https:\/\/erasmus.klebi.hu\/wp-content\/uploads\/2024\/03\/Ciprus5-1-1024x768.jpg\" alt=\"\" class=\"wp-image-557\" srcset=\"https:\/\/erasmus.klebi.hu\/wp-content\/uploads\/2024\/03\/Ciprus5-1-1024x768.jpg 1024w, https:\/\/erasmus.klebi.hu\/wp-content\/uploads\/2024\/03\/Ciprus5-1-300x225.jpg 300w, https:\/\/erasmus.klebi.hu\/wp-content\/uploads\/2024\/03\/Ciprus5-1-768x576.jpg 768w, https:\/\/erasmus.klebi.hu\/wp-content\/uploads\/2024\/03\/Ciprus5-1-1536x1152.jpg 1536w, https:\/\/erasmus.klebi.hu\/wp-content\/uploads\/2024\/03\/Ciprus5-1.jpg 2040w\" sizes=\"auto, (max-width: 1024px) 100vw, 1024px\" \/><\/figure>\n<\/figure>\n\n\n\n<h2 class=\"wp-block-heading has-text-align-center\">Ciprusi besz\u00e1mol\u00f3<\/h2>\n\n\n\n<p class=\"sorkizart\">2024 m\u00e1rcius\u00e1nak elej\u00e9n egy Erasmus+ programon vett\u00fcnk r\u00e9szt. Az \u00fatic\u00e9l Ciprus, azon bel\u00fcl Paphos v\u00e1rosa volt.<\/p>\n\n\n\n<p class=\"sorkizart\">Elutaz\u00e1sunk el\u0151tt csoportt\u00e1rsainkkal egy\u00fctt n\u00e9pt\u00e1ncoktat\u00e1son vett\u00fcnk r\u00e9szt \u00e9s intenz\u00edven angolt tanultunk. Powerpoint prezent\u00e1ci\u00f3 k\u00e9sz\u00edt\u00e9s\u00e9vel szerett\u00fcnk volna kedveskedni a ciprusi, rom\u00e1n di\u00e1koknak, akik ebben a programban r\u00e9szt vettek.<\/p>\n\n\n\n<p class=\"sorkizart\">Nagyon v\u00e1rtuk m\u00e1r a Ciprusi utaz\u00e1st. H\u0171v\u00f6s szombat d\u00e9lut\u00e1n tal\u00e1lkoztunk a budapesti rep\u00fcl\u0151t\u00e9ren. Izgatottan n\u00e9zegett\u00fck a b\u0151r\u00f6ndjeink t\u00f6meg\u00e9t, mik\u00f6zben Eszter n\u00e9ni feladta a csapat k\u00f6z\u00f6s b\u0151r\u00f6ndj\u00e9t. K\u00f6zel 2 \u00f3ra eltelt\u00e9vel fel is sz\u00e1llhattunk a j\u00e1ratunkra. A rep\u00fcl\u0151r\u0151l remek volt a kil\u00e1t\u00e1s a kivil\u00e1g\u00edtott F\u00f6ld\u00fcnkre. A g\u00e9p este kilenc fel\u00e9 sz\u00e1llt le Paphos repter\u00e9n. Egy kedves helyi buszsof\u0151r fogadott minket a rept\u00e9r el\u0151tt \u00e9s elvitt minket a sz\u00e1ll\u00e1sunkhoz, a Kefalos Beach Tourist Village-hez. Nagyon kimer\u00fcltek, \u00e9s \u00e9hesek voltunk ez\u00e9rt aznap \u00e9jjel m\u00e9g gyorsan ett\u00fcnk a v\u00e1rosban \u00e9s bev\u00e1s\u00e1roltunk egy k\u00f6zeli kisboltban. Majd visszat\u00e9rt\u00fcnk a sz\u00e1ll\u00e1sra \u00e9s felk\u00e9sz\u00fclt\u00fcnk a k\u00f6vetkez\u0151 napra.<\/p>\n\n\n\n<p class=\"sorkizart\">M\u00e1snap elindultunk megn\u00e9zni haj\u00f3val a Blue Lagoon-t. F\u00e9l \u00f3ra alatt \u00e9rkezt\u00fcnk a partra. Kellemes, de szeles id\u0151nk volt. A tengerv\u00edz krist\u00e1lytiszta \u00e9s eg\u00e9szen k\u00e9k sz\u00edn\u0171 volt. A haj\u00f3n m\u00e9g friss\u00edt\u0151 gy\u00fcm\u00f6lcsl\u00e9vel is k\u00e9sz\u00fcltek az utasok sz\u00e1m\u00e1ra. A Blue Lagoon-n\u00e1l Barnab\u00e1s, Bence \u00e9s Marci megm\u00e1rt\u00f3ztak a 13 fokos v\u00edzben, majd n\u00e9mi szabadid\u0151 ut\u00e1n elindultunk visszafel\u00e9. Haj\u00f3z\u00e1s ut\u00e1n megk\u00f3stoltuk egy helyi \u00e9tteremben a tenger gy\u00fcm\u00f6lcseit, majd visszaindultunk a sz\u00e1ll\u00e1sra. Este m\u00e9g megismerkedt\u00fcnk a rom\u00e1n csoport di\u00e1kjaival is, akik eg\u00e9sz nap utaztak, \u00edgy nagyon intenz\u00edv programra nem ker\u00fclhetett sor.<\/p>\n\n\n\n<p class=\"sorkizart\">Elk\u00f6vetkezett az a nap mikor el\u0151sz\u00f6r tal\u00e1lkoztunk a ciprusi di\u00e1kokkal \u00e9s tan\u00e1rokkal. Reggel egyenesen az iskol\u00e1jukba ment\u00fcnk, ahol az ismerked\u00e9s ut\u00e1n prezent\u00e1ci\u00f3k seg\u00edts\u00e9g\u00e9vel bemutatt\u00e1k nek\u00fcnk Ciprust az ottani di\u00e1kok. Ezut\u00e1n g\u00f6r\u00f6g, biol\u00f3gia \u00e9s k\u00e9mia \u00f3ra k\u00f6vetkezett. A g\u00f6r\u00f6g nyelv \u00e9rdekes volt, eddig soha nem hallottam. Biol\u00f3gi\u00e1n felnyitottunk egy diszn\u00f3 sz\u00edvet. mik\u00f6zben elmagyar\u00e1zt\u00e1k, hogyan is m\u0171k\u00f6dik. K\u00e9mi\u00e1n p\u00e1r \u00e9rdekes alap k\u00eds\u00e9rletet mutattak be, amik sz\u00e1munkra nagyon \u00e9lvezetesek voltak. Az iskolal\u00e1togat\u00e1s nem csak egy napon val\u00f3sult meg, \u00edgy t\u00f6bb \u00f3r\u00e1n is r\u00e9szt vett\u00fcnk \u00e9s t\u00f6bbsz\u00f6r is k\u00f6rbej\u00e1rtuk az iskola \u00e9p\u00fclet\u00e9t is. Az \u00f3r\u00e1k kifejezetten \u00e9rdekfesz\u00edt\u0151k voltak, \u00e9s sokat tanultunk a g\u00f6r\u00f6g oktat\u00e1si rendszerr\u0151l, mely sokban elt\u00e9r a nek\u00fcnk megszokott magyart\u00f3l. Az eb\u00e9d ut\u00e1ni szabadid\u0151nket v\u00e1rosn\u00e9z\u00e9ssel t\u00f6lt\u00f6tt\u00fck, ahol a ciprusi di\u00e1kok v\u00e1llalt\u00e1k az idegenvezet\u0151 szerep\u00e9t.<\/p>\n\n\n\n<p class=\"sorkizart\">A k\u00f6vetkez\u0151 napon \u00e9rdekes v\u00e1rosn\u00e9z\u00e9sre ment\u00fcnk, melyet az egyik angol tan\u00e1r vezetett a ciprusi iskol\u00e1b\u00f3l. Gyalog elment\u00fcnk a tengerpart ment\u00e9n Paphos egyik \u00f3v\u00e1rosi r\u00e9sz\u00e9hez, ami el\u0151tt m\u00e9g egy \u00f3kori kast\u00e9ly is \u00e1llt k\u00f6zvetlen\u00fcl a tenger mellett. Az \u00f3kori romok k\u00f6z\u00f6tt, amelyek a vil\u00e1g\u00f6r\u00f6ks\u00e9ghez tartoznak, a Dion\u00fcszosz h\u00e1zban l\u00e1ttuk a h\u00edres pafoszi mozaikokat, melyek t\u00f6bb mint ezer\u00f6tsz\u00e1z \u00e9vesek. Egyik pihen\u0151nket egy \u00f3kori sz\u00ednh\u00e1z l\u00e9pcs\u0151in tartottuk, ahol csod\u00e1val hat\u00e1ros m\u00f3don m\u00e9g mindig tapasztalhat\u00f3 a h\u00edres akusztika. K\u00e9s\u0151 d\u00e9lut\u00e1n m\u00e9g p\u00e1r ciprusi di\u00e1kkal tudtunk tal\u00e1lkozni \u00e9s besz\u00e9lgetni.<\/p>\n\n\n\n<p class=\"sorkizart\">A k\u00f6vetkez\u0151 napot egy 2 \u00f3r\u00e1s \u00fattal ind\u00edtottuk, ugyanis Ciprus f\u0151v\u00e1ros\u00e1ba, Nicosi\u00e1ba ment\u00fcnk. A busz\u00fat alatt nagyon j\u00f3kat besz\u00e9lgett\u00fcnk a rom\u00e1n \u00e9s a ciprusi tanul\u00f3kkal is. Miut\u00e1n meg\u00e9rkezt\u00fcnk, az iskola egyik volt di\u00e1kja tartott nek\u00fcnk idegenvezet\u00e9st a Ciprusi Egyetemen. Megcsod\u00e1lhattuk a gigantikus k\u00f6nyvt\u00e1rat, amit nemr\u00e9g \u00e9p\u00edtettek, majd ell\u00e1togattunk egy b\u00f6rt\u00f6nbe, ahol a Ciprus f\u00fcggetlens\u00e9g\u00e9\u00e9rt harcol\u00f3 hazafiakat tartott\u00e1k fogva \u00e9s sokukat itt is v\u00e9geztek ki. A h\u0151s\u00f6k eml\u00e9km\u0171v\u00e9t a ciprusi di\u00e1kok megkoszor\u00fazt\u00e1k \u00e9s tisztelet\u00fcket kifejezve el\u00e9nekelt\u00e9k a himnuszukat. Ezen a helyen igaz\u00e1n \u00e9rezni lehetett, hogy benn\u00fck ma is nagy nyugtalans\u00e1got keltenek a m\u00falt esem\u00e9nyei. A r\u00e9gi b\u00f6rt\u00f6nr\u00e9sz ut\u00e1n bement\u00fcnk a belv\u00e1rosba eb\u00e9delni, majd haza fel\u00e9 vett\u00fck az ir\u00e1nyt. Este m\u00e9g elment\u00fcnk jelmezeket beszerezni m\u00e1snapra.<\/p>\n\n\n\n<p class=\"sorkizart\">A k\u00f6vetkez\u0151 nap volt sz\u00e1munkra a legizgalmasabb, mivel az iskol\u00e1ban a nemzeti \u00fcnnep alkalm\u00e1b\u00f3l egy tradicion\u00e1lis \u201esouvlaki\u201d s\u00fct\u00f6get\u00e9ssel fogadtak minket. Ez egy nagyon \u00edzletes helyi gyros f\u00e9le. Mik\u00f6zben mindenki el\u0151k\u00e9sz\u00edtette a kis s\u00fct\u0151j\u00e9t, addig a ciprusiak koncertet adtak nek\u00fcnk, melyen rengeteg di\u00e1kjuk fell\u00e9pett \u00e9s \u00e9nekelt \u00e9s bemutatt\u00e1k a saj\u00e1t hagyom\u00e1nyos t\u00e1ncukat is. Mi is be\u00e1lltunk t\u00e1ncolni, de nagy \u00e9lm\u00e9ny volt, hogy az otthon tanult t\u00e1ncokat is el\u0151adtuk \u00e9s rengetegen csatlakoztak hozz\u00e1nk az iskola di\u00e1kjai \u00e9s tan\u00e1rai k\u00f6z\u00fcl is. Nagyon j\u00f3 hangulat\u00fa d\u00e9lel\u0151tt\u00f6t t\u00f6lt\u00f6tt\u00fcnk az iskol\u00e1ban.<\/p>\n\n\n\n<p class=\"sorkizart\">V\u00e9gre elj\u00f6tt a v\u00e1rva v\u00e1rt pillanat, amikor megn\u00e9zhett\u00fck a paphosiak karnev\u00e1li felvonul\u00e1s\u00e1t \u00e9s be\u00f6lt\u00f6zhett\u00fcnk jelmezeinkbe. Nagyon hangulatos volt, rengeteg ember elj\u00f6tt olyan kis kieg\u00e9sz\u00edt\u0151ket viselve, mint amik rajtunk is voltak. A karnev\u00e1l v\u00e9g\u00e9vel m\u00e9g belehallgattunk helyi el\u0151ad\u00f3k koncertjeibe, majd visszat\u00e9rt\u00fcnk a sz\u00e1ll\u00e1sra vacsor\u00e1zni.<\/p>\n\n\n\n<p class=\"sorkizart\">A k\u00f6vetkez\u0151 nap a b\u00facs\u00fa napja, amikor is elment\u00fcnk az iskol\u00e1ba, \u00e1tadtuk az aj\u00e1nd\u00e9kainkat, \u00e9s persze a vend\u00e9gl\u00e1t\u00f3k is kedveskedtek n\u00e9mi csomaggal. Ezek ut\u00e1n m\u00e9g r\u00e9szt vett\u00fcnk egy angol \u00f3r\u00e1n is, ahol ismerked\u0151s feladatokat j\u00e1tszottunk. A b\u00facs\u00fa el\u0151tt m\u00e9g ell\u00e1togattunk a Tombs of The Kings parkj\u00e1ba, amely szint\u00e9n vil\u00e1g\u00f6r\u00f6ks\u00e9gi l\u00e1tnival\u00f3. Megn\u00e9zt\u00fck az \u00f3kori s\u00edrkamr\u00e1kat \u00e9s a csod\u00e1latos kil\u00e1t\u00e1ssal b\u00facs\u00faztunk a szegett\u0151l.<\/p>\n\n\n\n<p class=\"sorkizart\">Az \u00f6sszes program hihetetlen\u00fcl j\u00f3l volt megszervezve, \u00e9s ez mind a szervez\u0151 tan\u00e1roknak k\u00f6sz\u00f6nhet\u0151, vonatkozik ez a saj\u00e1t \u00e9s a ciprusira is. Id\u0151pontokkal sem volt semmi probl\u00e9ma, szabadid\u0151t is hagytak nek\u00fcnk b\u0151ven, melyet a m\u00e1s orsz\u00e1gbeli di\u00e1kokkal t\u00f6lt\u00f6tt\u00fcnk el k\u00f6z\u00f6sen a rom\u00e1nokkal \u00e9s a helyiekkel.<\/p>\n\n\n\n<p class=\"sorkizart\">Szabadid\u0151nkben \u00e1ltal\u00e1ban besz\u00e9lgett\u00fcnk k\u00e1rty\u00e1ztunk, pr\u00f3b\u00e1ltuk megismerni egym\u00e1st, de volt, amikor programokat szervezt\u00fcnk magunknak, mint a bowlingoz\u00e1s vagy shoppingol\u00e1s.<\/p>\n\n\n\n<p class=\"sorkizart\">Az Erasmus program Cipruson egy val\u00f3di kaland volt sz\u00e1munkra, amelyben nemcsak a tanul\u00e1s, hanem a helyi gasztron\u00f3mia \u00e9s kult\u00fara felfedez\u00e9se is fontos szerepet j\u00e1tszott. Kipr\u00f3b\u00e1ltuk a helyi \u00e9teleket, ami egy igazi hull\u00e1mvas\u00fat \u00e9lm\u00e9ny volt.<\/p>\n\n\n\n<p class=\"sorkizart\">Azonban az utaz\u00e1s sor\u00e1n nemcsak az \u00e9tkez\u00e9s, hanem a helyiekkel val\u00f3 kapcsolat\u00e9p\u00edt\u00e9s is fontos szerepet kapott. A ciprusi emberek rendk\u00edv\u00fcl nyitottak \u00e9s bar\u00e1ts\u00e1gosak voltak vel\u00fcnk, ami nagyban megk\u00f6nny\u00edtette a kommunik\u00e1ci\u00f3t \u00e9s az interakci\u00f3t vel\u00fck. Az nyitotts\u00e1guk inspir\u00e1l\u00f3 volt sz\u00e1munkra, \u00e9s seg\u00edtett abban, hogy m\u00e9lyebb meg\u00e9rt\u00e9st szerezz\u00fcnk kult\u00far\u00e1jukr\u00f3l \u00e9s hagyom\u00e1nyaikr\u00f3l.<\/p>\n\n\n\n<p class=\"sorkizart\">Elj\u00f6tt a szombat, amikor nem csak a helyiekt\u0151l kellett b\u00facs\u00fazkodni, hanem a szigett\u0151l is. A g\u00e9p\u00fcnk este ment, \u00edgy m\u00e9g kell\u0151en ki\u00e9lvezhett\u00fck a kellemes tengeri szell\u0151t. \u00c9s itt \u00e9rne v\u00e9get a ciprusi kalandunk t\u00f6rt\u00e9nete, de sz\u00e1munkra felejthetetlen eml\u00e9k. \u00d6r\u00fclt\u00fcnk, hogy r\u00e9szt vehett\u00fcnk ebben a programban, nagyon j\u00f3l \u00e9rezt\u00fck magunkat a k\u00f6z\u00f6ss\u00e9gben \u00e9s, hogy megismerhett\u00fck az ottani di\u00e1kokat.<\/p>\n\n\n\n<p class=\"sorkizart\">Nagy \u00e9lm\u00e9ny volt, hogy siker\u00fclt angolul idegenekkel besz\u00e9lgetni, meg\u00e9rtetni magunkat. Hasznos volt, hogy pr\u00f3b\u00e1ra tehett\u00fck az angol tud\u00e1sunkat az utaz\u00e1s alatt. Nagyon tetszett a tenger \u00e9s a sziget l\u00e1tnival\u00f3i, valamint a karnev\u00e1li felvonul\u00e1s.<\/p>\n","protected":false},"excerpt":{"rendered":"<p>A Kl\u00e9bi kis csapata l\u00e1togat\u00e1st tett m\u00e1rcius 2-9. Cipruson. Ciprusi besz\u00e1mol\u00f3 2024 m\u00e1rcius\u00e1nak elej\u00e9n egy Erasmus+ programon vett\u00fcnk r\u00e9szt. Az \u00fatic\u00e9l Ciprus, azon bel\u00fcl Paphos v\u00e1rosa volt. Elutaz\u00e1sunk el\u0151tt csoportt\u00e1rsainkkal egy\u00fctt n\u00e9pt\u00e1ncoktat\u00e1son vett\u00fcnk r\u00e9szt \u00e9s intenz\u00edven angolt tanultunk. Powerpoint prezent\u00e1ci\u00f3 k\u00e9sz\u00edt\u00e9s\u00e9vel szerett\u00fcnk volna kedveskedni a ciprusi, rom\u00e1n di\u00e1koknak, akik ebben [&hellip;]<\/p>\n","protected":false},"author":1,"featured_media":0,"comment_status":"open","ping_status":"open","sticky":false,"template":"","format":"standard","meta":{"footnotes":""},"categories":[1],"tags":[],"class_list":["post-547","post","type-post","status-publish","format-standard","hentry","category-uncategorized"],"yoast_head":"<!-- This site is optimized with the Yoast SEO plugin v19.6.1 - https:\/\/yoast.com\/wordpress\/plugins\/seo\/ -->\n<title>Kl\u00e9bisek Cipruson - Erasmus+ Kl\u00e9bi<\/title>\n<meta name=\"robots\" content=\"index, follow, max-snippet:-1, max-image-preview:large, max-video-preview:-1\" \/>\n<link rel=\"canonical\" href=\"https:\/\/erasmus.klebi.hu\/index.php\/2024\/03\/12\/klebisek-cipruson\/\" \/>\n<meta property=\"og:locale\" content=\"hu_HU\" \/>\n<meta property=\"og:type\" content=\"article\" \/>\n<meta property=\"og:title\" content=\"Kl\u00e9bisek Cipruson - Erasmus+ Kl\u00e9bi\" \/>\n<meta property=\"og:description\" content=\"A Kl\u00e9bi kis csapata l\u00e1togat\u00e1st tett m\u00e1rcius 2-9. Cipruson. Ciprusi besz\u00e1mol\u00f3 2024 m\u00e1rcius\u00e1nak elej\u00e9n egy Erasmus+ programon vett\u00fcnk r\u00e9szt. Az \u00fatic\u00e9l Ciprus, azon bel\u00fcl Paphos v\u00e1rosa volt. Elutaz\u00e1sunk el\u0151tt csoportt\u00e1rsainkkal egy\u00fctt n\u00e9pt\u00e1ncoktat\u00e1son vett\u00fcnk r\u00e9szt \u00e9s intenz\u00edven angolt tanultunk. Powerpoint prezent\u00e1ci\u00f3 k\u00e9sz\u00edt\u00e9s\u00e9vel szerett\u00fcnk volna kedveskedni a ciprusi, rom\u00e1n di\u00e1koknak, akik ebben [&hellip;]\" \/>\n<meta property=\"og:url\" content=\"https:\/\/erasmus.klebi.hu\/index.php\/2024\/03\/12\/klebisek-cipruson\/\" \/>\n<meta property=\"og:site_name\" content=\"Erasmus+ Kl\u00e9bi\" \/>\n<meta property=\"article:published_time\" content=\"2024-03-12T11:19:52+00:00\" \/>\n<meta property=\"article:modified_time\" content=\"2024-07-04T09:36:45+00:00\" \/>\n<meta property=\"og:image\" content=\"https:\/\/erasmus.klebi.hu\/wp-content\/uploads\/2024\/03\/Ciprus-2-766x1024.jpg\" \/>\n<meta name=\"author\" content=\"admin\" \/>\n<meta name=\"twitter:card\" content=\"summary_large_image\" \/>\n<meta name=\"twitter:label1\" content=\"Szerz\u0151:\" \/>\n\t<meta name=\"twitter:data1\" content=\"admin\" \/>\n\t<meta name=\"twitter:label2\" content=\"Becs\u00fclt olvas\u00e1si id\u0151\" \/>\n\t<meta name=\"twitter:data2\" content=\"8 perc\" \/>\n<script type=\"application\/ld+json\" class=\"yoast-schema-graph\">{\"@context\":\"https:\/\/schema.org\",\"@graph\":[{\"@type\":\"WebPage\",\"@id\":\"https:\/\/erasmus.klebi.hu\/index.php\/2024\/03\/12\/klebisek-cipruson\/\",\"url\":\"https:\/\/erasmus.klebi.hu\/index.php\/2024\/03\/12\/klebisek-cipruson\/\",\"name\":\"Kl\u00e9bisek Cipruson - Erasmus+ Kl\u00e9bi\",\"isPartOf\":{\"@id\":\"https:\/\/erasmus.klebi.hu\/#website\"},\"datePublished\":\"2024-03-12T11:19:52+00:00\",\"dateModified\":\"2024-07-04T09:36:45+00:00\",\"author\":{\"@id\":\"https:\/\/erasmus.klebi.hu\/#\/schema\/person\/14c1bebc45cba2bd0f986b0ad3cdbb21\"},\"breadcrumb\":{\"@id\":\"https:\/\/erasmus.klebi.hu\/index.php\/2024\/03\/12\/klebisek-cipruson\/#breadcrumb\"},\"inLanguage\":\"hu\",\"potentialAction\":[{\"@type\":\"ReadAction\",\"target\":[\"https:\/\/erasmus.klebi.hu\/index.php\/2024\/03\/12\/klebisek-cipruson\/\"]}]},{\"@type\":\"BreadcrumbList\",\"@id\":\"https:\/\/erasmus.klebi.hu\/index.php\/2024\/03\/12\/klebisek-cipruson\/#breadcrumb\",\"itemListElement\":[{\"@type\":\"ListItem\",\"position\":1,\"name\":\"Home\",\"item\":\"https:\/\/erasmus.klebi.hu\/\"},{\"@type\":\"ListItem\",\"position\":2,\"name\":\"Kl\u00e9bisek Cipruson\"}]},{\"@type\":\"WebSite\",\"@id\":\"https:\/\/erasmus.klebi.hu\/#website\",\"url\":\"https:\/\/erasmus.klebi.hu\/\",\"name\":\"Erasmus+ Kl\u00e9bi\",\"description\":\"Klebelsberg Kuno \u00c1ltal\u00e1nos Iskola \u00e9s Gimn\u00e1zium Erasmus+  honlapja\",\"potentialAction\":[{\"@type\":\"SearchAction\",\"target\":{\"@type\":\"EntryPoint\",\"urlTemplate\":\"https:\/\/erasmus.klebi.hu\/?s={search_term_string}\"},\"query-input\":\"required name=search_term_string\"}],\"inLanguage\":\"hu\"},{\"@type\":\"Person\",\"@id\":\"https:\/\/erasmus.klebi.hu\/#\/schema\/person\/14c1bebc45cba2bd0f986b0ad3cdbb21\",\"name\":\"admin\",\"image\":{\"@type\":\"ImageObject\",\"inLanguage\":\"hu\",\"@id\":\"https:\/\/erasmus.klebi.hu\/#\/schema\/person\/image\/\",\"url\":\"https:\/\/secure.gravatar.com\/avatar\/2597c6e0e5f773c87ec0d96be5a57cc5248a47e0a00e556325b38584831a6115?s=96&d=mm&r=g\",\"contentUrl\":\"https:\/\/secure.gravatar.com\/avatar\/2597c6e0e5f773c87ec0d96be5a57cc5248a47e0a00e556325b38584831a6115?s=96&d=mm&r=g\",\"caption\":\"admin\"},\"sameAs\":[\"https:\/\/erasmus.klebi.hu\"],\"url\":\"https:\/\/erasmus.klebi.hu\/index.php\/author\/admin_32dy4sm3\/\"}]}<\/script>\n<!-- \/ Yoast SEO plugin. -->","yoast_head_json":{"title":"Kl\u00e9bisek Cipruson - Erasmus+ Kl\u00e9bi","robots":{"index":"index","follow":"follow","max-snippet":"max-snippet:-1","max-image-preview":"max-image-preview:large","max-video-preview":"max-video-preview:-1"},"canonical":"https:\/\/erasmus.klebi.hu\/index.php\/2024\/03\/12\/klebisek-cipruson\/","og_locale":"hu_HU","og_type":"article","og_title":"Kl\u00e9bisek Cipruson - Erasmus+ Kl\u00e9bi","og_description":"A Kl\u00e9bi kis csapata l\u00e1togat\u00e1st tett m\u00e1rcius 2-9. Cipruson. Ciprusi besz\u00e1mol\u00f3 2024 m\u00e1rcius\u00e1nak elej\u00e9n egy Erasmus+ programon vett\u00fcnk r\u00e9szt. Az \u00fatic\u00e9l Ciprus, azon bel\u00fcl Paphos v\u00e1rosa volt. Elutaz\u00e1sunk el\u0151tt csoportt\u00e1rsainkkal egy\u00fctt n\u00e9pt\u00e1ncoktat\u00e1son vett\u00fcnk r\u00e9szt \u00e9s intenz\u00edven angolt tanultunk. Powerpoint prezent\u00e1ci\u00f3 k\u00e9sz\u00edt\u00e9s\u00e9vel szerett\u00fcnk volna kedveskedni a ciprusi, rom\u00e1n di\u00e1koknak, akik ebben [&hellip;]","og_url":"https:\/\/erasmus.klebi.hu\/index.php\/2024\/03\/12\/klebisek-cipruson\/","og_site_name":"Erasmus+ Kl\u00e9bi","article_published_time":"2024-03-12T11:19:52+00:00","article_modified_time":"2024-07-04T09:36:45+00:00","og_image":[{"url":"https:\/\/erasmus.klebi.hu\/wp-content\/uploads\/2024\/03\/Ciprus-2-766x1024.jpg"}],"author":"admin","twitter_card":"summary_large_image","twitter_misc":{"Szerz\u0151:":"admin","Becs\u00fclt olvas\u00e1si id\u0151":"8 perc"},"schema":{"@context":"https:\/\/schema.org","@graph":[{"@type":"WebPage","@id":"https:\/\/erasmus.klebi.hu\/index.php\/2024\/03\/12\/klebisek-cipruson\/","url":"https:\/\/erasmus.klebi.hu\/index.php\/2024\/03\/12\/klebisek-cipruson\/","name":"Kl\u00e9bisek Cipruson - Erasmus+ Kl\u00e9bi","isPartOf":{"@id":"https:\/\/erasmus.klebi.hu\/#website"},"datePublished":"2024-03-12T11:19:52+00:00","dateModified":"2024-07-04T09:36:45+00:00","author":{"@id":"https:\/\/erasmus.klebi.hu\/#\/schema\/person\/14c1bebc45cba2bd0f986b0ad3cdbb21"},"breadcrumb":{"@id":"https:\/\/erasmus.klebi.hu\/index.php\/2024\/03\/12\/klebisek-cipruson\/#breadcrumb"},"inLanguage":"hu","potentialAction":[{"@type":"ReadAction","target":["https:\/\/erasmus.klebi.hu\/index.php\/2024\/03\/12\/klebisek-cipruson\/"]}]},{"@type":"BreadcrumbList","@id":"https:\/\/erasmus.klebi.hu\/index.php\/2024\/03\/12\/klebisek-cipruson\/#breadcrumb","itemListElement":[{"@type":"ListItem","position":1,"name":"Home","item":"https:\/\/erasmus.klebi.hu\/"},{"@type":"ListItem","position":2,"name":"Kl\u00e9bisek Cipruson"}]},{"@type":"WebSite","@id":"https:\/\/erasmus.klebi.hu\/#website","url":"https:\/\/erasmus.klebi.hu\/","name":"Erasmus+ Kl\u00e9bi","description":"Klebelsberg Kuno \u00c1ltal\u00e1nos Iskola \u00e9s Gimn\u00e1zium Erasmus+  honlapja","potentialAction":[{"@type":"SearchAction","target":{"@type":"EntryPoint","urlTemplate":"https:\/\/erasmus.klebi.hu\/?s={search_term_string}"},"query-input":"required name=search_term_string"}],"inLanguage":"hu"},{"@type":"Person","@id":"https:\/\/erasmus.klebi.hu\/#\/schema\/person\/14c1bebc45cba2bd0f986b0ad3cdbb21","name":"admin","image":{"@type":"ImageObject","inLanguage":"hu","@id":"https:\/\/erasmus.klebi.hu\/#\/schema\/person\/image\/","url":"https:\/\/secure.gravatar.com\/avatar\/2597c6e0e5f773c87ec0d96be5a57cc5248a47e0a00e556325b38584831a6115?s=96&d=mm&r=g","contentUrl":"https:\/\/secure.gravatar.com\/avatar\/2597c6e0e5f773c87ec0d96be5a57cc5248a47e0a00e556325b38584831a6115?s=96&d=mm&r=g","caption":"admin"},"sameAs":["https:\/\/erasmus.klebi.hu"],"url":"https:\/\/erasmus.klebi.hu\/index.php\/author\/admin_32dy4sm3\/"}]}},"jetpack_featured_media_url":"","_links":{"self":[{"href":"https:\/\/erasmus.klebi.hu\/index.php\/wp-json\/wp\/v2\/posts\/547","targetHints":{"allow":["GET"]}}],"collection":[{"href":"https:\/\/erasmus.klebi.hu\/index.php\/wp-json\/wp\/v2\/posts"}],"about":[{"href":"https:\/\/erasmus.klebi.hu\/index.php\/wp-json\/wp\/v2\/types\/post"}],"author":[{"embeddable":true,"href":"https:\/\/erasmus.klebi.hu\/index.php\/wp-json\/wp\/v2\/users\/1"}],"replies":[{"embeddable":true,"href":"https:\/\/erasmus.klebi.hu\/index.php\/wp-json\/wp\/v2\/comments?post=547"}],"version-history":[{"count":6,"href":"https:\/\/erasmus.klebi.hu\/index.php\/wp-json\/wp\/v2\/posts\/547\/revisions"}],"predecessor-version":[{"id":619,"href":"https:\/\/erasmus.klebi.hu\/index.php\/wp-json\/wp\/v2\/posts\/547\/revisions\/619"}],"wp:attachment":[{"href":"https:\/\/erasmus.klebi.hu\/index.php\/wp-json\/wp\/v2\/media?parent=547"}],"wp:term":[{"taxonomy":"category","embeddable":true,"href":"https:\/\/erasmus.klebi.hu\/index.php\/wp-json\/wp\/v2\/categories?post=547"},{"taxonomy":"post_tag","embeddable":true,"href":"https:\/\/erasmus.klebi.hu\/index.php\/wp-json\/wp\/v2\/tags?post=547"}],"curies":[{"name":"wp","href":"https:\/\/api.w.org\/{rel}","templated":true}]}}