{"id":603,"date":"2024-07-04T09:01:50","date_gmt":"2024-07-04T09:01:50","guid":{"rendered":"https:\/\/erasmus.klebi.hu\/?p=603"},"modified":"2024-07-04T09:29:06","modified_gmt":"2024-07-04T09:29:06","slug":"erasmus-seed-elmenybeszamolo","status":"publish","type":"post","link":"https:\/\/erasmus.klebi.hu\/index.php\/2024\/07\/04\/erasmus-seed-elmenybeszamolo\/","title":{"rendered":"Erasmus+ SEED \u00e9lm\u00e9nybesz\u00e1mol\u00f3"},"content":{"rendered":"\n<p>(Sustainability, Environment and Education Development)<\/p>\n\n\n\n<p>Portug\u00e1lia 2024. \u00e1prilis 20-27<\/p>\n\n\n<p style=\"text-align: justify;\">Mikor meg\u00e9rkezt\u00fcnk Portug\u00e1li\u00e1ba, m\u00e1r alig v\u00e1rtam, hogy \u00fajra tal\u00e1lkozhassak a cseredi\u00e1kommal. A szombati napunk utaz\u00e1ssal telt, m\u00e1snap pedig szabadid\u0151nket Portoban v\u00e1rosn\u00e9z\u00e9ssel \u00e9s f\u00fcrd\u00e9ssel t\u00f6lt\u00f6tt\u00fck, \u00edgy csak este ismertem meg a cseredi\u00e1kom csal\u00e1dj\u00e1t. Az eg\u00e9sz utaz\u00e1som alatt v\u00e9gig nagyon kedvesek voltak velem \u00e9s hab\u00e1r n\u00e9mi seg\u00edts\u00e9ggel, de nagyon j\u00f3l el tudtam vel\u00fck is besz\u00e9lgetni.<\/p>\n\n\n<p class=\"sorkizart\">H\u00e9tf\u0151n az iskol\u00e1ban sok prezent\u00e1ci\u00f3t n\u00e9zt\u00fcnk v\u00e9gig, majd elment\u00fcnk a k\u00f6rny\u00e9ken szemetet szedni. V\u00e9gig nagyon j\u00f3 volt a hangulat \u00e9s gy\u00f6ny\u00f6r\u0171 helyeken s\u00e9t\u00e1ltunk. A napot egy focilabda m\u00e9rk\u0151z\u00e9ssel z\u00e1rtuk.<\/p>\n\n\n\n<p class=\"sorkizart\">Kedden Aveiro v\u00e1ros\u00e1ba utaztunk, ahol az egyetemen v\u00e9gighallgattunk egy el\u0151ad\u00e1st a k\u00fcl\u00f6nb\u00f6z\u0151 mikroszk\u00f3pokr\u00f3l, majd k\u00e9s\u0151bb egy gy\u00e1rban a parafa felhaszn\u00e1l\u00e1s\u00e1r\u00f3l. D\u00e9lut\u00e1n 5 fele \u00e9rt\u00fcnk vissza Castelo de Paivaba, ez\u00e9rt a portug\u00e1l di\u00e1kok elvittek minket a g\u00f6rkorcsolya \u00f3r\u00e1jukra.<\/p>\n\n\n\n<p class=\"sorkizart\">Szerd\u00e1n ism\u00e9t az iskol\u00e1ban hallgattunk meg \u00e9rdekes el\u0151ad\u00e1sokat, majd haszn\u00e1lt pap\u00edrb\u00f3l, m\u0171anyagb\u00f3l \u00e9s textilb\u0151l k\u00e9sz\u00edtett\u00fcnk m\u0171v\u00e9szi alkot\u00e1sokat. A menza ut\u00e1n megl\u00e1togattuk a polg\u00e1rmestert. A k\u00f6telez\u0151 programok ut\u00e1n mi m\u00e9g els\u00e9t\u00e1ltunk egy v\u00edzes\u00e9sig, majd a bar\u00e1ti<br>t\u00e1rsas\u00e1ggal elment\u00fcnk egy \u00e9tterembe. A cs\u00fct\u00f6rt\u00f6ki napon Portoba utaztunk \u00e9s megn\u00e9zt\u00fck a helyi l\u00e1tv\u00e1nyoss\u00e1gokat. Eb\u00e9dre rizott\u00f3t \u00e9s t\u0151kehalat ett\u00fcnk, ami egy portug\u00e1l specialit\u00e1s. Ezut\u00e1n ell\u00e1togattunk egy borospinc\u00e9be majd egy pl\u00e1z\u00e1ba. Este az \u00f3ce\u00e1nparton s\u00e9t\u00e1lgattunk \u00e9s gy\u00f6ny\u00f6r\u0171 volt onnan n\u00e9zni a naplement\u00e9t.<\/p>\n\n\n\n<p class=\"sorkizart\">M\u00e1snap a diagramk\u00e9sz\u00edt\u00e9s legfontosabb l\u00e9p\u00e9seit tan\u00edtott\u00e1k meg nek\u00fcnk az iskol\u00e1ban, majd k\u00e9s\u0151bb minden csoport bemutathatta a m\u0171alkot\u00e1s\u00e1t. Este pedig a di\u00e1kok egy musical-lel k\u00e9sz\u00fcltek. Az el\u0151ad\u00e1s v\u00e9g\u00e9n hatalmas b\u00facs\u00favacsora v\u00e1rt r\u00e1nk, ahol rengeteg k\u00fcl\u00f6nb\u00f6z\u0151 \u00e9telt k\u00f3stoltunk meg.<\/p>\n\n\n\n<p class=\"sorkizart\">Az eg\u00e9sz h\u00e9t nagyon j\u00f3 hangulatban telt, \u00e9s nagyon neh\u00e9z volt elb\u00facs\u00fazni a portug\u00e1l cseredi\u00e1kokt\u00f3l. Rem\u00e9lem hossz\u00fa ideig kitartanak majd a bar\u00e1ts\u00e1gok, amiket ott k\u00f6t\u00f6tt\u00fcnk, \u00e9s viszontl\u00e1tjuk majd k\u00e9s\u0151bb egym\u00e1st.<\/p>\n\n\n\n<p class=\"has-text-align-right\">Tonk\u00f3 Zsuzsanna<\/p>\n","protected":false},"excerpt":{"rendered":"<p>(Sustainability, Environment and Education Development) Portug\u00e1lia 2024. \u00e1prilis 20-27 Mikor meg\u00e9rkezt\u00fcnk Portug\u00e1li\u00e1ba, m\u00e1r alig v\u00e1rtam, hogy \u00fajra tal\u00e1lkozhassak a cseredi\u00e1kommal. A szombati napunk utaz\u00e1ssal telt, m\u00e1snap pedig szabadid\u0151nket Portoban v\u00e1rosn\u00e9z\u00e9ssel \u00e9s f\u00fcrd\u00e9ssel t\u00f6lt\u00f6tt\u00fck, \u00edgy csak este ismertem meg a cseredi\u00e1kom csal\u00e1dj\u00e1t. Az eg\u00e9sz utaz\u00e1som alatt v\u00e9gig nagyon kedvesek voltak velem [&hellip;]<\/p>\n","protected":false},"author":1,"featured_media":0,"comment_status":"open","ping_status":"open","sticky":false,"template":"","format":"standard","meta":{"footnotes":""},"categories":[1],"tags":[],"class_list":["post-603","post","type-post","status-publish","format-standard","hentry","category-uncategorized"],"yoast_head":"<!-- This site is optimized with the Yoast SEO plugin v19.6.1 - https:\/\/yoast.com\/wordpress\/plugins\/seo\/ -->\n<title>Erasmus+ SEED \u00e9lm\u00e9nybesz\u00e1mol\u00f3 - Erasmus+ Kl\u00e9bi<\/title>\n<meta name=\"robots\" content=\"index, follow, max-snippet:-1, max-image-preview:large, max-video-preview:-1\" \/>\n<link rel=\"canonical\" href=\"https:\/\/erasmus.klebi.hu\/index.php\/2024\/07\/04\/erasmus-seed-elmenybeszamolo\/\" \/>\n<meta property=\"og:locale\" content=\"hu_HU\" \/>\n<meta property=\"og:type\" content=\"article\" \/>\n<meta property=\"og:title\" content=\"Erasmus+ SEED \u00e9lm\u00e9nybesz\u00e1mol\u00f3 - Erasmus+ Kl\u00e9bi\" \/>\n<meta property=\"og:description\" content=\"(Sustainability, Environment and Education Development) Portug\u00e1lia 2024. \u00e1prilis 20-27 Mikor meg\u00e9rkezt\u00fcnk Portug\u00e1li\u00e1ba, m\u00e1r alig v\u00e1rtam, hogy \u00fajra tal\u00e1lkozhassak a cseredi\u00e1kommal. A szombati napunk utaz\u00e1ssal telt, m\u00e1snap pedig szabadid\u0151nket Portoban v\u00e1rosn\u00e9z\u00e9ssel \u00e9s f\u00fcrd\u00e9ssel t\u00f6lt\u00f6tt\u00fck, \u00edgy csak este ismertem meg a cseredi\u00e1kom csal\u00e1dj\u00e1t. Az eg\u00e9sz utaz\u00e1som alatt v\u00e9gig nagyon kedvesek voltak velem [&hellip;]\" \/>\n<meta property=\"og:url\" content=\"https:\/\/erasmus.klebi.hu\/index.php\/2024\/07\/04\/erasmus-seed-elmenybeszamolo\/\" \/>\n<meta property=\"og:site_name\" content=\"Erasmus+ Kl\u00e9bi\" \/>\n<meta property=\"article:published_time\" content=\"2024-07-04T09:01:50+00:00\" \/>\n<meta property=\"article:modified_time\" content=\"2024-07-04T09:29:06+00:00\" \/>\n<meta name=\"author\" content=\"admin\" \/>\n<meta name=\"twitter:card\" content=\"summary_large_image\" \/>\n<meta name=\"twitter:label1\" content=\"Szerz\u0151:\" \/>\n\t<meta name=\"twitter:data1\" content=\"admin\" \/>\n\t<meta name=\"twitter:label2\" content=\"Becs\u00fclt olvas\u00e1si id\u0151\" \/>\n\t<meta name=\"twitter:data2\" content=\"2 perc\" \/>\n<script type=\"application\/ld+json\" class=\"yoast-schema-graph\">{\"@context\":\"https:\/\/schema.org\",\"@graph\":[{\"@type\":\"WebPage\",\"@id\":\"https:\/\/erasmus.klebi.hu\/index.php\/2024\/07\/04\/erasmus-seed-elmenybeszamolo\/\",\"url\":\"https:\/\/erasmus.klebi.hu\/index.php\/2024\/07\/04\/erasmus-seed-elmenybeszamolo\/\",\"name\":\"Erasmus+ SEED \u00e9lm\u00e9nybesz\u00e1mol\u00f3 - Erasmus+ Kl\u00e9bi\",\"isPartOf\":{\"@id\":\"https:\/\/erasmus.klebi.hu\/#website\"},\"datePublished\":\"2024-07-04T09:01:50+00:00\",\"dateModified\":\"2024-07-04T09:29:06+00:00\",\"author\":{\"@id\":\"https:\/\/erasmus.klebi.hu\/#\/schema\/person\/14c1bebc45cba2bd0f986b0ad3cdbb21\"},\"breadcrumb\":{\"@id\":\"https:\/\/erasmus.klebi.hu\/index.php\/2024\/07\/04\/erasmus-seed-elmenybeszamolo\/#breadcrumb\"},\"inLanguage\":\"hu\",\"potentialAction\":[{\"@type\":\"ReadAction\",\"target\":[\"https:\/\/erasmus.klebi.hu\/index.php\/2024\/07\/04\/erasmus-seed-elmenybeszamolo\/\"]}]},{\"@type\":\"BreadcrumbList\",\"@id\":\"https:\/\/erasmus.klebi.hu\/index.php\/2024\/07\/04\/erasmus-seed-elmenybeszamolo\/#breadcrumb\",\"itemListElement\":[{\"@type\":\"ListItem\",\"position\":1,\"name\":\"Home\",\"item\":\"https:\/\/erasmus.klebi.hu\/\"},{\"@type\":\"ListItem\",\"position\":2,\"name\":\"Erasmus+ SEED \u00e9lm\u00e9nybesz\u00e1mol\u00f3\"}]},{\"@type\":\"WebSite\",\"@id\":\"https:\/\/erasmus.klebi.hu\/#website\",\"url\":\"https:\/\/erasmus.klebi.hu\/\",\"name\":\"Erasmus+ Kl\u00e9bi\",\"description\":\"Klebelsberg Kuno \u00c1ltal\u00e1nos Iskola \u00e9s Gimn\u00e1zium Erasmus+  honlapja\",\"potentialAction\":[{\"@type\":\"SearchAction\",\"target\":{\"@type\":\"EntryPoint\",\"urlTemplate\":\"https:\/\/erasmus.klebi.hu\/?s={search_term_string}\"},\"query-input\":\"required name=search_term_string\"}],\"inLanguage\":\"hu\"},{\"@type\":\"Person\",\"@id\":\"https:\/\/erasmus.klebi.hu\/#\/schema\/person\/14c1bebc45cba2bd0f986b0ad3cdbb21\",\"name\":\"admin\",\"image\":{\"@type\":\"ImageObject\",\"inLanguage\":\"hu\",\"@id\":\"https:\/\/erasmus.klebi.hu\/#\/schema\/person\/image\/\",\"url\":\"https:\/\/secure.gravatar.com\/avatar\/2597c6e0e5f773c87ec0d96be5a57cc5248a47e0a00e556325b38584831a6115?s=96&d=mm&r=g\",\"contentUrl\":\"https:\/\/secure.gravatar.com\/avatar\/2597c6e0e5f773c87ec0d96be5a57cc5248a47e0a00e556325b38584831a6115?s=96&d=mm&r=g\",\"caption\":\"admin\"},\"sameAs\":[\"https:\/\/erasmus.klebi.hu\"],\"url\":\"https:\/\/erasmus.klebi.hu\/index.php\/author\/admin_32dy4sm3\/\"}]}<\/script>\n<!-- \/ Yoast SEO plugin. -->","yoast_head_json":{"title":"Erasmus+ SEED \u00e9lm\u00e9nybesz\u00e1mol\u00f3 - Erasmus+ Kl\u00e9bi","robots":{"index":"index","follow":"follow","max-snippet":"max-snippet:-1","max-image-preview":"max-image-preview:large","max-video-preview":"max-video-preview:-1"},"canonical":"https:\/\/erasmus.klebi.hu\/index.php\/2024\/07\/04\/erasmus-seed-elmenybeszamolo\/","og_locale":"hu_HU","og_type":"article","og_title":"Erasmus+ SEED \u00e9lm\u00e9nybesz\u00e1mol\u00f3 - Erasmus+ Kl\u00e9bi","og_description":"(Sustainability, Environment and Education Development) Portug\u00e1lia 2024. \u00e1prilis 20-27 Mikor meg\u00e9rkezt\u00fcnk Portug\u00e1li\u00e1ba, m\u00e1r alig v\u00e1rtam, hogy \u00fajra tal\u00e1lkozhassak a cseredi\u00e1kommal. A szombati napunk utaz\u00e1ssal telt, m\u00e1snap pedig szabadid\u0151nket Portoban v\u00e1rosn\u00e9z\u00e9ssel \u00e9s f\u00fcrd\u00e9ssel t\u00f6lt\u00f6tt\u00fck, \u00edgy csak este ismertem meg a cseredi\u00e1kom csal\u00e1dj\u00e1t. Az eg\u00e9sz utaz\u00e1som alatt v\u00e9gig nagyon kedvesek voltak velem [&hellip;]","og_url":"https:\/\/erasmus.klebi.hu\/index.php\/2024\/07\/04\/erasmus-seed-elmenybeszamolo\/","og_site_name":"Erasmus+ Kl\u00e9bi","article_published_time":"2024-07-04T09:01:50+00:00","article_modified_time":"2024-07-04T09:29:06+00:00","author":"admin","twitter_card":"summary_large_image","twitter_misc":{"Szerz\u0151:":"admin","Becs\u00fclt olvas\u00e1si id\u0151":"2 perc"},"schema":{"@context":"https:\/\/schema.org","@graph":[{"@type":"WebPage","@id":"https:\/\/erasmus.klebi.hu\/index.php\/2024\/07\/04\/erasmus-seed-elmenybeszamolo\/","url":"https:\/\/erasmus.klebi.hu\/index.php\/2024\/07\/04\/erasmus-seed-elmenybeszamolo\/","name":"Erasmus+ SEED \u00e9lm\u00e9nybesz\u00e1mol\u00f3 - Erasmus+ Kl\u00e9bi","isPartOf":{"@id":"https:\/\/erasmus.klebi.hu\/#website"},"datePublished":"2024-07-04T09:01:50+00:00","dateModified":"2024-07-04T09:29:06+00:00","author":{"@id":"https:\/\/erasmus.klebi.hu\/#\/schema\/person\/14c1bebc45cba2bd0f986b0ad3cdbb21"},"breadcrumb":{"@id":"https:\/\/erasmus.klebi.hu\/index.php\/2024\/07\/04\/erasmus-seed-elmenybeszamolo\/#breadcrumb"},"inLanguage":"hu","potentialAction":[{"@type":"ReadAction","target":["https:\/\/erasmus.klebi.hu\/index.php\/2024\/07\/04\/erasmus-seed-elmenybeszamolo\/"]}]},{"@type":"BreadcrumbList","@id":"https:\/\/erasmus.klebi.hu\/index.php\/2024\/07\/04\/erasmus-seed-elmenybeszamolo\/#breadcrumb","itemListElement":[{"@type":"ListItem","position":1,"name":"Home","item":"https:\/\/erasmus.klebi.hu\/"},{"@type":"ListItem","position":2,"name":"Erasmus+ SEED \u00e9lm\u00e9nybesz\u00e1mol\u00f3"}]},{"@type":"WebSite","@id":"https:\/\/erasmus.klebi.hu\/#website","url":"https:\/\/erasmus.klebi.hu\/","name":"Erasmus+ Kl\u00e9bi","description":"Klebelsberg Kuno \u00c1ltal\u00e1nos Iskola \u00e9s Gimn\u00e1zium Erasmus+  honlapja","potentialAction":[{"@type":"SearchAction","target":{"@type":"EntryPoint","urlTemplate":"https:\/\/erasmus.klebi.hu\/?s={search_term_string}"},"query-input":"required name=search_term_string"}],"inLanguage":"hu"},{"@type":"Person","@id":"https:\/\/erasmus.klebi.hu\/#\/schema\/person\/14c1bebc45cba2bd0f986b0ad3cdbb21","name":"admin","image":{"@type":"ImageObject","inLanguage":"hu","@id":"https:\/\/erasmus.klebi.hu\/#\/schema\/person\/image\/","url":"https:\/\/secure.gravatar.com\/avatar\/2597c6e0e5f773c87ec0d96be5a57cc5248a47e0a00e556325b38584831a6115?s=96&d=mm&r=g","contentUrl":"https:\/\/secure.gravatar.com\/avatar\/2597c6e0e5f773c87ec0d96be5a57cc5248a47e0a00e556325b38584831a6115?s=96&d=mm&r=g","caption":"admin"},"sameAs":["https:\/\/erasmus.klebi.hu"],"url":"https:\/\/erasmus.klebi.hu\/index.php\/author\/admin_32dy4sm3\/"}]}},"jetpack_featured_media_url":"","_links":{"self":[{"href":"https:\/\/erasmus.klebi.hu\/index.php\/wp-json\/wp\/v2\/posts\/603","targetHints":{"allow":["GET"]}}],"collection":[{"href":"https:\/\/erasmus.klebi.hu\/index.php\/wp-json\/wp\/v2\/posts"}],"about":[{"href":"https:\/\/erasmus.klebi.hu\/index.php\/wp-json\/wp\/v2\/types\/post"}],"author":[{"embeddable":true,"href":"https:\/\/erasmus.klebi.hu\/index.php\/wp-json\/wp\/v2\/users\/1"}],"replies":[{"embeddable":true,"href":"https:\/\/erasmus.klebi.hu\/index.php\/wp-json\/wp\/v2\/comments?post=603"}],"version-history":[{"count":4,"href":"https:\/\/erasmus.klebi.hu\/index.php\/wp-json\/wp\/v2\/posts\/603\/revisions"}],"predecessor-version":[{"id":613,"href":"https:\/\/erasmus.klebi.hu\/index.php\/wp-json\/wp\/v2\/posts\/603\/revisions\/613"}],"wp:attachment":[{"href":"https:\/\/erasmus.klebi.hu\/index.php\/wp-json\/wp\/v2\/media?parent=603"}],"wp:term":[{"taxonomy":"category","embeddable":true,"href":"https:\/\/erasmus.klebi.hu\/index.php\/wp-json\/wp\/v2\/categories?post=603"},{"taxonomy":"post_tag","embeddable":true,"href":"https:\/\/erasmus.klebi.hu\/index.php\/wp-json\/wp\/v2\/tags?post=603"}],"curies":[{"name":"wp","href":"https:\/\/api.w.org\/{rel}","templated":true}]}}