{"id":775,"date":"2025-10-15T09:59:11","date_gmt":"2025-10-15T09:59:11","guid":{"rendered":"https:\/\/erasmus.klebi.hu\/?p=775"},"modified":"2025-10-15T10:02:08","modified_gmt":"2025-10-15T10:02:08","slug":"erasmus-nap-2","status":"publish","type":"post","link":"https:\/\/erasmus.klebi.hu\/index.php\/2025\/10\/15\/erasmus-nap-2\/","title":{"rendered":"Erasmus nap"},"content":{"rendered":"\n<p>2025.10.10.<\/p>\n\n\n\n<p class=\"sorkizart\">Az idei Erasmus nap k\u00e9t egys\u00e9gb\u0151l \u00e9p\u00fclt fel. A 4. \u00f3r\u00e1ban minden tagozaton az Eur\u00f3pai Uni\u00f3hoz \u00e9s az Erasmus programhoz kapcsol\u00f3d\u00f3 foglalkoz\u00e1sokat tartottunk. A gimn\u00e1ziumban \u00e9s a fels\u0151 tagozaton besz\u00e1mol\u00f3t tartottak azok a di\u00e1kok a t\u00f6bbieknek, akik az el\u0151z\u0151 \u00e9vben a spanyolorsz\u00e1gi \u00e9s a g\u00f6r\u00f6gorsz\u00e1gi di\u00e1kmobilit\u00e1sokon vettek r\u00e9szt, illetve el\u0151ad\u00e1st tartott egy volt di\u00e1kunk, Pulai Attila, aki az Erasmus programokban j\u00e1rtas.&nbsp; \u00cdgy&nbsp; di\u00e1kjaink megismerhett\u00e9k ezen programok \u00e9rdekess\u00e9geit, feladatait, felt\u00e9teleit. Emellett hasznos tan\u00e1csokat kaptak ahhoz, hogyan p\u00e1ly\u00e1zzanak a programokra \u00e9s hogyan k\u00e9sz\u00fcljenek fel az utaz\u00e1sra. Als\u00f3 tagozaton tev\u00e9kenykedtet\u0151 feladatok \u00e1ltal ismerhett\u00e9k meg a gyerekek az Eur\u00f3pai Uni\u00f3 tag\u00e1llamait \u00e9s z\u00e1szl\u00f3it.<\/p>\n\n\n\n<p class=\"sorkizart\">A d\u00e9lut\u00e1ni programon a 2024-es Erasmus projekt keret\u00e9ben a mobilit\u00e1sokon r\u00e9sztvev\u0151 koll\u00e9g\u00e1k tartottak workshopokat. T\u00e9m\u00e1ink a k\u00f6vetkez\u0151k voltak: IKT eszk\u00f6z\u00f6k haszn\u00e1lata tan\u00edt\u00e1si \u00f3r\u00e1kon, j\u00e1t\u00e9kos feladatok nyelv\u00f3r\u00e1kra, k\u00f6z\u00f6ss\u00e9g\u00e9p\u00edt\u00e9shez \u00faj m\u00f3dszer bemutat\u00e1sa, konfliktus kezel\u00e9se, di\u00e1kcsoportok utaz\u00e1sa: szervez\u00e9si tapasztalatok, job shadowing: zaklat\u00e1s megel\u0151z\u00e9se&nbsp; \u00e9s kezel\u00e9se m\u00e1s iskol\u00e1ban.&nbsp;<\/p>\n\n\n\n<figure class=\"wp-block-gallery has-nested-images columns-default is-cropped wp-block-gallery-1 is-layout-flex wp-block-gallery-is-layout-flex\">\n<figure class=\"wp-block-image size-large\"><img loading=\"lazy\" decoding=\"async\" width=\"1024\" height=\"768\" data-id=\"776\" src=\"https:\/\/erasmus.klebi.hu\/wp-content\/uploads\/2025\/10\/20251010_131520-1024x768.jpg\" alt=\"\" class=\"wp-image-776\" srcset=\"https:\/\/erasmus.klebi.hu\/wp-content\/uploads\/2025\/10\/20251010_131520-1024x768.jpg 1024w, https:\/\/erasmus.klebi.hu\/wp-content\/uploads\/2025\/10\/20251010_131520-300x225.jpg 300w, https:\/\/erasmus.klebi.hu\/wp-content\/uploads\/2025\/10\/20251010_131520-768x576.jpg 768w, https:\/\/erasmus.klebi.hu\/wp-content\/uploads\/2025\/10\/20251010_131520-1536x1152.jpg 1536w, https:\/\/erasmus.klebi.hu\/wp-content\/uploads\/2025\/10\/20251010_131520-2048x1536.jpg 2048w\" sizes=\"auto, (max-width: 1024px) 100vw, 1024px\" \/><\/figure>\n\n\n\n<figure class=\"wp-block-image size-large\"><img loading=\"lazy\" decoding=\"async\" width=\"768\" height=\"1024\" data-id=\"777\" src=\"https:\/\/erasmus.klebi.hu\/wp-content\/uploads\/2025\/10\/553668790_1239364544894130_2568836898041352949_n-768x1024.jpg\" alt=\"\" class=\"wp-image-777\" srcset=\"https:\/\/erasmus.klebi.hu\/wp-content\/uploads\/2025\/10\/553668790_1239364544894130_2568836898041352949_n-768x1024.jpg 768w, https:\/\/erasmus.klebi.hu\/wp-content\/uploads\/2025\/10\/553668790_1239364544894130_2568836898041352949_n-225x300.jpg 225w, https:\/\/erasmus.klebi.hu\/wp-content\/uploads\/2025\/10\/553668790_1239364544894130_2568836898041352949_n-1152x1536.jpg 1152w, https:\/\/erasmus.klebi.hu\/wp-content\/uploads\/2025\/10\/553668790_1239364544894130_2568836898041352949_n.jpg 1536w\" sizes=\"auto, (max-width: 768px) 100vw, 768px\" \/><\/figure>\n<\/figure>\n","protected":false},"excerpt":{"rendered":"<p>2025.10.10. Az idei Erasmus nap k\u00e9t egys\u00e9gb\u0151l \u00e9p\u00fclt fel. A 4. \u00f3r\u00e1ban minden tagozaton az Eur\u00f3pai Uni\u00f3hoz \u00e9s az Erasmus programhoz kapcsol\u00f3d\u00f3 foglalkoz\u00e1sokat tartottunk. A gimn\u00e1ziumban \u00e9s a fels\u0151 tagozaton besz\u00e1mol\u00f3t tartottak azok a di\u00e1kok a t\u00f6bbieknek, akik az el\u0151z\u0151 \u00e9vben a spanyolorsz\u00e1gi \u00e9s a g\u00f6r\u00f6gorsz\u00e1gi di\u00e1kmobilit\u00e1sokon vettek r\u00e9szt, illetve [&hellip;]<\/p>\n","protected":false},"author":1,"featured_media":0,"comment_status":"open","ping_status":"open","sticky":false,"template":"","format":"standard","meta":{"footnotes":""},"categories":[1],"tags":[],"class_list":["post-775","post","type-post","status-publish","format-standard","hentry","category-uncategorized"],"yoast_head":"<!-- This site is optimized with the Yoast SEO plugin v19.6.1 - https:\/\/yoast.com\/wordpress\/plugins\/seo\/ -->\n<title>Erasmus nap - Erasmus+ Kl\u00e9bi<\/title>\n<meta name=\"robots\" content=\"index, follow, max-snippet:-1, max-image-preview:large, max-video-preview:-1\" \/>\n<link rel=\"canonical\" href=\"https:\/\/erasmus.klebi.hu\/index.php\/2025\/10\/15\/erasmus-nap-2\/\" \/>\n<meta property=\"og:locale\" content=\"hu_HU\" \/>\n<meta property=\"og:type\" content=\"article\" \/>\n<meta property=\"og:title\" content=\"Erasmus nap - Erasmus+ Kl\u00e9bi\" \/>\n<meta property=\"og:description\" content=\"2025.10.10. Az idei Erasmus nap k\u00e9t egys\u00e9gb\u0151l \u00e9p\u00fclt fel. A 4. \u00f3r\u00e1ban minden tagozaton az Eur\u00f3pai Uni\u00f3hoz \u00e9s az Erasmus programhoz kapcsol\u00f3d\u00f3 foglalkoz\u00e1sokat tartottunk. A gimn\u00e1ziumban \u00e9s a fels\u0151 tagozaton besz\u00e1mol\u00f3t tartottak azok a di\u00e1kok a t\u00f6bbieknek, akik az el\u0151z\u0151 \u00e9vben a spanyolorsz\u00e1gi \u00e9s a g\u00f6r\u00f6gorsz\u00e1gi di\u00e1kmobilit\u00e1sokon vettek r\u00e9szt, illetve [&hellip;]\" \/>\n<meta property=\"og:url\" content=\"https:\/\/erasmus.klebi.hu\/index.php\/2025\/10\/15\/erasmus-nap-2\/\" \/>\n<meta property=\"og:site_name\" content=\"Erasmus+ Kl\u00e9bi\" \/>\n<meta property=\"article:published_time\" content=\"2025-10-15T09:59:11+00:00\" \/>\n<meta property=\"article:modified_time\" content=\"2025-10-15T10:02:08+00:00\" \/>\n<meta property=\"og:image\" content=\"https:\/\/erasmus.klebi.hu\/wp-content\/uploads\/2025\/10\/20251010_131520-1024x768.jpg\" \/>\n<meta name=\"author\" content=\"admin\" \/>\n<meta name=\"twitter:card\" content=\"summary_large_image\" \/>\n<meta name=\"twitter:label1\" content=\"Szerz\u0151:\" \/>\n\t<meta name=\"twitter:data1\" content=\"admin\" \/>\n\t<meta name=\"twitter:label2\" content=\"Becs\u00fclt olvas\u00e1si id\u0151\" \/>\n\t<meta name=\"twitter:data2\" content=\"2 perc\" \/>\n<script type=\"application\/ld+json\" class=\"yoast-schema-graph\">{\"@context\":\"https:\/\/schema.org\",\"@graph\":[{\"@type\":\"WebPage\",\"@id\":\"https:\/\/erasmus.klebi.hu\/index.php\/2025\/10\/15\/erasmus-nap-2\/\",\"url\":\"https:\/\/erasmus.klebi.hu\/index.php\/2025\/10\/15\/erasmus-nap-2\/\",\"name\":\"Erasmus nap - Erasmus+ Kl\u00e9bi\",\"isPartOf\":{\"@id\":\"https:\/\/erasmus.klebi.hu\/#website\"},\"datePublished\":\"2025-10-15T09:59:11+00:00\",\"dateModified\":\"2025-10-15T10:02:08+00:00\",\"author\":{\"@id\":\"https:\/\/erasmus.klebi.hu\/#\/schema\/person\/14c1bebc45cba2bd0f986b0ad3cdbb21\"},\"breadcrumb\":{\"@id\":\"https:\/\/erasmus.klebi.hu\/index.php\/2025\/10\/15\/erasmus-nap-2\/#breadcrumb\"},\"inLanguage\":\"hu\",\"potentialAction\":[{\"@type\":\"ReadAction\",\"target\":[\"https:\/\/erasmus.klebi.hu\/index.php\/2025\/10\/15\/erasmus-nap-2\/\"]}]},{\"@type\":\"BreadcrumbList\",\"@id\":\"https:\/\/erasmus.klebi.hu\/index.php\/2025\/10\/15\/erasmus-nap-2\/#breadcrumb\",\"itemListElement\":[{\"@type\":\"ListItem\",\"position\":1,\"name\":\"Home\",\"item\":\"https:\/\/erasmus.klebi.hu\/\"},{\"@type\":\"ListItem\",\"position\":2,\"name\":\"Erasmus nap\"}]},{\"@type\":\"WebSite\",\"@id\":\"https:\/\/erasmus.klebi.hu\/#website\",\"url\":\"https:\/\/erasmus.klebi.hu\/\",\"name\":\"Erasmus+ Kl\u00e9bi\",\"description\":\"Klebelsberg Kuno \u00c1ltal\u00e1nos Iskola \u00e9s Gimn\u00e1zium Erasmus+  honlapja\",\"potentialAction\":[{\"@type\":\"SearchAction\",\"target\":{\"@type\":\"EntryPoint\",\"urlTemplate\":\"https:\/\/erasmus.klebi.hu\/?s={search_term_string}\"},\"query-input\":\"required name=search_term_string\"}],\"inLanguage\":\"hu\"},{\"@type\":\"Person\",\"@id\":\"https:\/\/erasmus.klebi.hu\/#\/schema\/person\/14c1bebc45cba2bd0f986b0ad3cdbb21\",\"name\":\"admin\",\"image\":{\"@type\":\"ImageObject\",\"inLanguage\":\"hu\",\"@id\":\"https:\/\/erasmus.klebi.hu\/#\/schema\/person\/image\/\",\"url\":\"https:\/\/secure.gravatar.com\/avatar\/2597c6e0e5f773c87ec0d96be5a57cc5248a47e0a00e556325b38584831a6115?s=96&d=mm&r=g\",\"contentUrl\":\"https:\/\/secure.gravatar.com\/avatar\/2597c6e0e5f773c87ec0d96be5a57cc5248a47e0a00e556325b38584831a6115?s=96&d=mm&r=g\",\"caption\":\"admin\"},\"sameAs\":[\"https:\/\/erasmus.klebi.hu\"],\"url\":\"https:\/\/erasmus.klebi.hu\/index.php\/author\/admin_32dy4sm3\/\"}]}<\/script>\n<!-- \/ Yoast SEO plugin. -->","yoast_head_json":{"title":"Erasmus nap - Erasmus+ Kl\u00e9bi","robots":{"index":"index","follow":"follow","max-snippet":"max-snippet:-1","max-image-preview":"max-image-preview:large","max-video-preview":"max-video-preview:-1"},"canonical":"https:\/\/erasmus.klebi.hu\/index.php\/2025\/10\/15\/erasmus-nap-2\/","og_locale":"hu_HU","og_type":"article","og_title":"Erasmus nap - Erasmus+ Kl\u00e9bi","og_description":"2025.10.10. Az idei Erasmus nap k\u00e9t egys\u00e9gb\u0151l \u00e9p\u00fclt fel. A 4. \u00f3r\u00e1ban minden tagozaton az Eur\u00f3pai Uni\u00f3hoz \u00e9s az Erasmus programhoz kapcsol\u00f3d\u00f3 foglalkoz\u00e1sokat tartottunk. A gimn\u00e1ziumban \u00e9s a fels\u0151 tagozaton besz\u00e1mol\u00f3t tartottak azok a di\u00e1kok a t\u00f6bbieknek, akik az el\u0151z\u0151 \u00e9vben a spanyolorsz\u00e1gi \u00e9s a g\u00f6r\u00f6gorsz\u00e1gi di\u00e1kmobilit\u00e1sokon vettek r\u00e9szt, illetve [&hellip;]","og_url":"https:\/\/erasmus.klebi.hu\/index.php\/2025\/10\/15\/erasmus-nap-2\/","og_site_name":"Erasmus+ Kl\u00e9bi","article_published_time":"2025-10-15T09:59:11+00:00","article_modified_time":"2025-10-15T10:02:08+00:00","og_image":[{"url":"https:\/\/erasmus.klebi.hu\/wp-content\/uploads\/2025\/10\/20251010_131520-1024x768.jpg"}],"author":"admin","twitter_card":"summary_large_image","twitter_misc":{"Szerz\u0151:":"admin","Becs\u00fclt olvas\u00e1si id\u0151":"2 perc"},"schema":{"@context":"https:\/\/schema.org","@graph":[{"@type":"WebPage","@id":"https:\/\/erasmus.klebi.hu\/index.php\/2025\/10\/15\/erasmus-nap-2\/","url":"https:\/\/erasmus.klebi.hu\/index.php\/2025\/10\/15\/erasmus-nap-2\/","name":"Erasmus nap - Erasmus+ Kl\u00e9bi","isPartOf":{"@id":"https:\/\/erasmus.klebi.hu\/#website"},"datePublished":"2025-10-15T09:59:11+00:00","dateModified":"2025-10-15T10:02:08+00:00","author":{"@id":"https:\/\/erasmus.klebi.hu\/#\/schema\/person\/14c1bebc45cba2bd0f986b0ad3cdbb21"},"breadcrumb":{"@id":"https:\/\/erasmus.klebi.hu\/index.php\/2025\/10\/15\/erasmus-nap-2\/#breadcrumb"},"inLanguage":"hu","potentialAction":[{"@type":"ReadAction","target":["https:\/\/erasmus.klebi.hu\/index.php\/2025\/10\/15\/erasmus-nap-2\/"]}]},{"@type":"BreadcrumbList","@id":"https:\/\/erasmus.klebi.hu\/index.php\/2025\/10\/15\/erasmus-nap-2\/#breadcrumb","itemListElement":[{"@type":"ListItem","position":1,"name":"Home","item":"https:\/\/erasmus.klebi.hu\/"},{"@type":"ListItem","position":2,"name":"Erasmus nap"}]},{"@type":"WebSite","@id":"https:\/\/erasmus.klebi.hu\/#website","url":"https:\/\/erasmus.klebi.hu\/","name":"Erasmus+ Kl\u00e9bi","description":"Klebelsberg Kuno \u00c1ltal\u00e1nos Iskola \u00e9s Gimn\u00e1zium Erasmus+  honlapja","potentialAction":[{"@type":"SearchAction","target":{"@type":"EntryPoint","urlTemplate":"https:\/\/erasmus.klebi.hu\/?s={search_term_string}"},"query-input":"required name=search_term_string"}],"inLanguage":"hu"},{"@type":"Person","@id":"https:\/\/erasmus.klebi.hu\/#\/schema\/person\/14c1bebc45cba2bd0f986b0ad3cdbb21","name":"admin","image":{"@type":"ImageObject","inLanguage":"hu","@id":"https:\/\/erasmus.klebi.hu\/#\/schema\/person\/image\/","url":"https:\/\/secure.gravatar.com\/avatar\/2597c6e0e5f773c87ec0d96be5a57cc5248a47e0a00e556325b38584831a6115?s=96&d=mm&r=g","contentUrl":"https:\/\/secure.gravatar.com\/avatar\/2597c6e0e5f773c87ec0d96be5a57cc5248a47e0a00e556325b38584831a6115?s=96&d=mm&r=g","caption":"admin"},"sameAs":["https:\/\/erasmus.klebi.hu"],"url":"https:\/\/erasmus.klebi.hu\/index.php\/author\/admin_32dy4sm3\/"}]}},"jetpack_featured_media_url":"","_links":{"self":[{"href":"https:\/\/erasmus.klebi.hu\/index.php\/wp-json\/wp\/v2\/posts\/775","targetHints":{"allow":["GET"]}}],"collection":[{"href":"https:\/\/erasmus.klebi.hu\/index.php\/wp-json\/wp\/v2\/posts"}],"about":[{"href":"https:\/\/erasmus.klebi.hu\/index.php\/wp-json\/wp\/v2\/types\/post"}],"author":[{"embeddable":true,"href":"https:\/\/erasmus.klebi.hu\/index.php\/wp-json\/wp\/v2\/users\/1"}],"replies":[{"embeddable":true,"href":"https:\/\/erasmus.klebi.hu\/index.php\/wp-json\/wp\/v2\/comments?post=775"}],"version-history":[{"count":2,"href":"https:\/\/erasmus.klebi.hu\/index.php\/wp-json\/wp\/v2\/posts\/775\/revisions"}],"predecessor-version":[{"id":780,"href":"https:\/\/erasmus.klebi.hu\/index.php\/wp-json\/wp\/v2\/posts\/775\/revisions\/780"}],"wp:attachment":[{"href":"https:\/\/erasmus.klebi.hu\/index.php\/wp-json\/wp\/v2\/media?parent=775"}],"wp:term":[{"taxonomy":"category","embeddable":true,"href":"https:\/\/erasmus.klebi.hu\/index.php\/wp-json\/wp\/v2\/categories?post=775"},{"taxonomy":"post_tag","embeddable":true,"href":"https:\/\/erasmus.klebi.hu\/index.php\/wp-json\/wp\/v2\/tags?post=775"}],"curies":[{"name":"wp","href":"https:\/\/api.w.org\/{rel}","templated":true}]}}